{"id":463,"global_id":"user8.gesem.es\/blog?id=463","global_id_lineage":["user8.gesem.es\/blog?id=463"],"author":"1","status":"publish","date":"2023-05-26 14:19:57","date_utc":"2023-05-26 12:19:57","modified":"2023-05-26 14:19:58","modified_utc":"2023-05-26 12:19:58","url":"https:\/\/user8.gesem.es\/blog\/events\/el-poder-de-la-alimentacion\/","rest_url":"https:\/\/user8.gesem.es\/blog\/wp-json\/tribe\/events\/v1\/events\/463","title":"El poder de la alimentaci\u00f3n","description":"<p>\u00abEl poder de la alimentaci\u00f3n: c\u00f3mo nutrir tu cuerpo y mente\u00bb<\/p>\n<p>Class aptent taciti sociosqu ad litora torquent per conubia nostra, per inceptos himenaeos. Pellentesque habitant morbi tristique senectus et netus et malesuada fames ac turpis egestas. Sed massa dolor, vestibulum nec dictum ut, elementum posuere mi. In in tincidunt nisl. Vivamus volutpat ante et pulvinar bibendum. Phasellus posuere sed felis vitae eleifend. Vestibulum placerat turpis et nisi euismod, nec bibendum turpis pulvinar.<\/p>","excerpt":"","slug":"el-poder-de-la-alimentacion","image":{"url":"https:\/\/user8.gesem.es\/blog\/wp-content\/uploads\/2023\/05\/casserole-dish-2776735_1280.jpg","id":452,"extension":"jpg","width":1280,"height":854,"filesize":423296,"sizes":{"medium":{"width":300,"height":200,"mime-type":"image\/jpeg","filesize":19227,"url":"https:\/\/user8.gesem.es\/blog\/wp-content\/uploads\/2023\/05\/casserole-dish-2776735_1280-300x200.jpg"},"large":{"width":1024,"height":683,"mime-type":"image\/jpeg","filesize":169848,"url":"https:\/\/user8.gesem.es\/blog\/wp-content\/uploads\/2023\/05\/casserole-dish-2776735_1280-1024x683.jpg"},"thumbnail":{"width":150,"height":150,"mime-type":"image\/jpeg","filesize":8533,"url":"https:\/\/user8.gesem.es\/blog\/wp-content\/uploads\/2023\/05\/casserole-dish-2776735_1280-150x150.jpg"},"medium_large":{"width":768,"height":512,"mime-type":"image\/jpeg","filesize":102519,"url":"https:\/\/user8.gesem.es\/blog\/wp-content\/uploads\/2023\/05\/casserole-dish-2776735_1280-768x512.jpg"}}},"all_day":false,"start_date":"2023-06-17 12:00:00","start_date_details":{"year":"2023","month":"06","day":"17","hour":"12","minutes":"00","seconds":"00"},"end_date":"2023-06-17 13:30:00","end_date_details":{"year":"2023","month":"06","day":"17","hour":"13","minutes":"30","seconds":"00"},"utc_start_date":"2023-06-17 10:00:00","utc_start_date_details":{"year":"2023","month":"06","day":"17","hour":"10","minutes":"00","seconds":"00"},"utc_end_date":"2023-06-17 11:30:00","utc_end_date_details":{"year":"2023","month":"06","day":"17","hour":"11","minutes":"30","seconds":"00"},"timezone":"Europe\/Madrid","timezone_abbr":"CEST","cost":"","cost_details":{"currency_symbol":"","currency_code":"","currency_position":"prefix","values":[]},"website":"","show_map":true,"show_map_link":true,"hide_from_listings":false,"sticky":true,"featured":false,"categories":[{"name":"H\u00e1bitos","slug":"habitos","term_group":0,"term_taxonomy_id":29,"taxonomy":"tribe_events_cat","description":"","parent":0,"count":5,"filter":"raw","id":29,"urls":{"self":"https:\/\/user8.gesem.es\/blog\/wp-json\/tribe\/events\/v1\/categories\/29","collection":"https:\/\/user8.gesem.es\/blog\/wp-json\/tribe\/events\/v1\/categories"}},{"name":"Nutrici\u00f3n","slug":"nutricion","term_group":0,"term_taxonomy_id":28,"taxonomy":"tribe_events_cat","description":"","parent":0,"count":3,"filter":"raw","id":28,"urls":{"self":"https:\/\/user8.gesem.es\/blog\/wp-json\/tribe\/events\/v1\/categories\/28","collection":"https:\/\/user8.gesem.es\/blog\/wp-json\/tribe\/events\/v1\/categories"}},{"name":"Vida saludable","slug":"vida-saludable","term_group":0,"term_taxonomy_id":31,"taxonomy":"tribe_events_cat","description":"","parent":0,"count":4,"filter":"raw","id":31,"urls":{"self":"https:\/\/user8.gesem.es\/blog\/wp-json\/tribe\/events\/v1\/categories\/31","collection":"https:\/\/user8.gesem.es\/blog\/wp-json\/tribe\/events\/v1\/categories"}}],"tags":[],"venue":[],"organizer":[],"json_ld":{"@context":"http:\/\/schema.org","@type":"Event","name":"El poder de la alimentaci\u00f3n","description":"&lt;p&gt;&quot;El poder de la alimentaci\u00f3n: c\u00f3mo nutrir tu cuerpo y mente&quot; Class aptent taciti sociosqu ad litora torquent per conubia nostra, per inceptos himenaeos. Pellentesque habitant morbi tristique senectus et &hellip;&lt;\/p&gt;\\n&lt;p class=&quot;read-more&quot;&gt; &lt;a class=&quot;&quot; href=&quot;https:\/\/user8.gesem.es\/blog\/events\/el-poder-de-la-alimentacion\/&quot;&gt; &lt;span class=&quot;screen-reader-text&quot;&gt;El poder de la alimentaci\u00f3n&lt;\/span&gt; Leer m\u00e1s &raquo;&lt;\/a&gt;&lt;\/p&gt;\\n","image":"https:\/\/user8.gesem.es\/blog\/wp-content\/uploads\/2023\/05\/casserole-dish-2776735_1280.jpg","url":"https:\/\/user8.gesem.es\/blog\/events\/el-poder-de-la-alimentacion\/","eventAttendanceMode":"https:\/\/schema.org\/OfflineEventAttendanceMode","eventStatus":"https:\/\/schema.org\/EventScheduled","startDate":"2023-06-17T12:00:00+02:00","endDate":"2023-06-17T13:30:00+02:00","performer":"Organization"}}